{"id":714,"date":"2024-12-17T09:51:38","date_gmt":"2024-12-17T08:51:38","guid":{"rendered":"https:\/\/www.legacoopestense.coop\/bellacoopia\/?p=714"},"modified":"2024-12-17T09:51:41","modified_gmt":"2024-12-17T08:51:41","slug":"edizione-2023","status":"publish","type":"post","link":"https:\/\/www.legacoopestense.coop\/bellacoopia\/hall-of-fame\/edizione-2023\/","title":{"rendered":"Edizione 2023"},"content":{"rendered":"\n<h1 class=\"wp-block-heading\">Bellacoopia \u2013 Premio Liana Stradi 2023, la finalissima!<\/h1>\n\n\n\n<h4 class=\"wp-block-heading\"><strong>Alla finale del concorso per le scuole promosso da Legacoop Estense, fra le 5 start up finaliste trionfa l\u2019efficientamento energetico. Premi a Modena, Carpi e Ferrara. Bis per Modena, che si aggiudica anche il premio BC Factor, assegnato da una giuria composta da giornalisti delle testate modenesi, media partner dell\u2019evento assieme a Radio Bruno.<\/strong><\/h4>\n\n\n\n<p>Modena, 25 maggio 2023 \u2013 L\u2019edizione era la sedicesima, ma la competizione in campo non ha accennato a calare: anche quest\u2019anno&nbsp;<strong>l\u2019evento finale di Bellacoopia<\/strong>,&nbsp;<strong>il concorso per le scuole di Modena e Ferrara promosso da Legacoop Estense<\/strong>&nbsp;e tenutosi ieri alla Tenda di Modena, &nbsp;\u00e8 stato teatro di una sfida a suon di tecnologie, allestimenti scenici, video e performance teatrali per aggiudicarsi il premio forse pi\u00f9 ambito, non tanto per il valore economico quando perch\u00e9 su quello la sfida si \u00e8 giocata in diretta: il&nbsp;<strong>premio BC Factor!<\/strong><\/p>\n\n\n\n<p>Se infatti i tre premi principali di categoria \u2013 per\u00a0<strong>innovazione tecnologica, creativit\u00e0 e cultura digitale, e sostenibilit\u00e0 ambientale\u00a0<\/strong>\u2013 erano gi\u00e0 stati decisi da una giuria di esperti che ha valutato le start up cooperative progettate in classe \u2013 il premio per la miglior rappresentazione scenica veniva assegnato da una giuria riunita appositamente per la Finale, che prima ha valutato una ad una le performance, e poi ha proclamato la vincitrice. Una giuria anche quest\u2019anno davvero speciale, composta da Francesca Galafassi di\u00a0<strong>TRC<\/strong>, Vincenzo Malara per il\u00a0<strong>Resto del Carlino Modena<\/strong>\u00a0e P<strong>aolo Barbieri<\/strong>, presidente di Legacoop Estense.<br>Per la sedicesima edizione di Bellacoopia gli aspiranti imprenditori cooperativi sono giunti da pi\u00f9 parti: Modena con il Fermo Corni, Carpi con il Leonardo da Vinci, Vignola con il Primo Levi, Ferrara con il Liceo Carducci e l\u2019Istituto Copernico Carpeggiani.<\/p>\n\n\n\n<div class=\"wp-block-columns is-layout-flex wp-container-core-columns-is-layout-28f84493 wp-block-columns-is-layout-flex\">\n<div class=\"wp-block-column is-layout-flow wp-block-column-is-layout-flow\">\n<figure class=\"wp-block-image size-full\"><img fetchpriority=\"high\" decoding=\"async\" width=\"1536\" height=\"1024\" src=\"https:\/\/www.legacoopestense.coop\/bellacoopia\/wp-content\/uploads\/2024\/12\/edizione2023-1.jpg\" alt=\"\" class=\"wp-image-715\" srcset=\"https:\/\/www.legacoopestense.coop\/bellacoopia\/wp-content\/uploads\/2024\/12\/edizione2023-1.jpg 1536w, https:\/\/www.legacoopestense.coop\/bellacoopia\/wp-content\/uploads\/2024\/12\/edizione2023-1-300x200.jpg 300w, https:\/\/www.legacoopestense.coop\/bellacoopia\/wp-content\/uploads\/2024\/12\/edizione2023-1-1024x683.jpg 1024w, https:\/\/www.legacoopestense.coop\/bellacoopia\/wp-content\/uploads\/2024\/12\/edizione2023-1-768x512.jpg 768w\" sizes=\"(max-width: 1536px) 100vw, 1536px\" \/><\/figure>\n<\/div>\n\n\n\n<div class=\"wp-block-column is-layout-flow wp-block-column-is-layout-flow\">\n<p>\u201c<em>Siamo molto contenti dell\u2019adesione a questo progetto da parte di tante classi\u00a0<\/em>\u2013 ha dichiarato il Presidente di Legacoop Estense Paolo Barbieri \u2013\u00a0<em>perch\u00e9 per noi \u00e8 fondamentale iniziare fin dal momento della formazione scolastica a diffondere la conoscenza dell\u2019impresa cooperativa, dei suoi valori, dei suoi meccanismi e della sua distintivit\u00e0. <\/em><\/p>\n<\/div>\n<\/div>\n\n\n\n<p><em>Quando questi giovani si affacceranno sul mondo del lavoro potranno cos\u00ec fare una scelta ragionata e consapevole. Dalla prima edizione abbiamo incontrato alcune migliaia di giovani, e continueremo a farlo nei prossimi anni<\/em>.\u201d<\/p>\n\n\n\n<p><strong>Ed ecco i vincitori dei 3 premi di categoria<\/strong><\/p>\n\n\n\n<p>Si \u00e8 aggiudicata il premio di mille euro per l\u2019innovazione tecnologica la\u00a0<strong>4 AE ITIS \u2013 Leonardo da Vinci<\/strong>\u00a0(Carpi) con\u00a0<strong>FLUXIFY<\/strong>, un sistema modulare gestito da controllori che inviano segnali ad una app che permette di controllare i consumi di energia elettrica, acqua e gas. <\/p>\n\n\n\n<div class=\"wp-block-columns is-layout-flex wp-container-core-columns-is-layout-28f84493 wp-block-columns-is-layout-flex\">\n<div class=\"wp-block-column is-vertically-aligned-center is-layout-flow wp-block-column-is-layout-flow\">\n<p>E\u2019 invece stata ideata dalla\u00a0<strong>3^ e<\/strong>\u00a0<strong>4^ A Elettronica dell\u2019Istituto Fermo Corni la start up pi\u00f9 sostenibile<\/strong>: produce\u00a0<strong>Ener-save,<\/strong>\u00a0uno strumento che si interfaccia con lo smartphone per fornire in tempo reale informazioni sui consumi domestici. Infine il premio\u00a0<strong>creativit\u00e0 e cultura digitale\u00a0<\/strong>\u00e8 andato al\u00a0<strong>Liceo Carducci di Ferrara, 4^B Scienze Umane,<\/strong>\u00a0che ha presentato il progetto\u00a0<strong>Your Energy<\/strong>: un sito accessibile da tutti i dispositivi che aiuta le aziende, i privati o gli enti pubblici a scegliere di investire in fonti di energia rinnovabile, pulita e nel rispetto della biodiversit\u00e0 grazie all\u2019utilizzo di energia non solo solare ed eolica ma anche mareomotrice, anemocinetica, idrocinetica, delle biomasse e geotermica.<\/p>\n<\/div>\n\n\n\n<div class=\"wp-block-column is-vertically-aligned-center is-layout-flow wp-block-column-is-layout-flow\">\n<figure class=\"wp-block-image size-full\"><img decoding=\"async\" width=\"1536\" height=\"1024\" src=\"https:\/\/www.legacoopestense.coop\/bellacoopia\/wp-content\/uploads\/2024\/12\/edizione2023-2.jpg\" alt=\"\" class=\"wp-image-716\" srcset=\"https:\/\/www.legacoopestense.coop\/bellacoopia\/wp-content\/uploads\/2024\/12\/edizione2023-2.jpg 1536w, https:\/\/www.legacoopestense.coop\/bellacoopia\/wp-content\/uploads\/2024\/12\/edizione2023-2-300x200.jpg 300w, https:\/\/www.legacoopestense.coop\/bellacoopia\/wp-content\/uploads\/2024\/12\/edizione2023-2-1024x683.jpg 1024w, https:\/\/www.legacoopestense.coop\/bellacoopia\/wp-content\/uploads\/2024\/12\/edizione2023-2-768x512.jpg 768w\" sizes=\"(max-width: 1536px) 100vw, 1536px\" \/><\/figure>\n<\/div>\n<\/div>\n\n\n\n<p><strong>Venendo ai progetti vincitori, s<\/strong>i \u00e8 aggiudicata il premio di mille euro per l\u2019innovazione tecnologica la\u00a0<strong>4 AE dell\u2019ITIS Leonardo Da Vinci<\/strong>\u00a0<strong>(Carpi)\u00a0<\/strong>con\u00a0<strong>Emergreen, <\/strong>un sistema integrato elettronico e informatico che gestisce le priorit\u00e0 dei semafori per rendere pi\u00f9 veloce ed efficiente, grazie a un\u2019\u201conda verde\u201d, l\u2019intervento di mezzi di soccorso.<\/p>\n\n\n\n<div class=\"wp-block-columns is-layout-flex wp-container-core-columns-is-layout-28f84493 wp-block-columns-is-layout-flex\">\n<div class=\"wp-block-column is-layout-flow wp-block-column-is-layout-flow\">\n<figure class=\"wp-block-image size-full\"><img decoding=\"async\" width=\"1536\" height=\"1024\" src=\"https:\/\/www.legacoopestense.coop\/bellacoopia\/wp-content\/uploads\/2024\/12\/edizione2023-3.jpg\" alt=\"\" class=\"wp-image-717\" srcset=\"https:\/\/www.legacoopestense.coop\/bellacoopia\/wp-content\/uploads\/2024\/12\/edizione2023-3.jpg 1536w, https:\/\/www.legacoopestense.coop\/bellacoopia\/wp-content\/uploads\/2024\/12\/edizione2023-3-300x200.jpg 300w, https:\/\/www.legacoopestense.coop\/bellacoopia\/wp-content\/uploads\/2024\/12\/edizione2023-3-1024x683.jpg 1024w, https:\/\/www.legacoopestense.coop\/bellacoopia\/wp-content\/uploads\/2024\/12\/edizione2023-3-768x512.jpg 768w\" sizes=\"(max-width: 1536px) 100vw, 1536px\" \/><\/figure>\n<\/div>\n\n\n\n<div class=\"wp-block-column is-layout-flow wp-block-column-is-layout-flow\">\n<p>In ultimo,\u00a0<strong>il premio BC Factor:<\/strong>\u00a0dopo oltre 60\u2019 di sfida sul palco, la visual looker\u00a0<strong>Francesca Galafassi e i due coach Vincenzo Malara e Paolo Barbieri\u00a0<\/strong>hanno premiato per la migliore performance scenica il\u00a0<strong>Fermo Corni di Modena<\/strong>, che si \u00e8 cos\u00ec portato a casa due premi!<\/p>\n<\/div>\n<\/div>\n\n\n\n<div class=\"wp-block-columns is-layout-flex wp-container-core-columns-is-layout-28f84493 wp-block-columns-is-layout-flex\">\n<div class=\"wp-block-column is-layout-flow wp-block-column-is-layout-flow\">\n<figure class=\"wp-block-image size-full\"><img loading=\"lazy\" decoding=\"async\" width=\"1024\" height=\"768\" src=\"https:\/\/www.legacoopestense.coop\/bellacoopia\/wp-content\/uploads\/2024\/12\/Premio-BC-Factor.webp\" alt=\"\" class=\"wp-image-514\" srcset=\"https:\/\/www.legacoopestense.coop\/bellacoopia\/wp-content\/uploads\/2024\/12\/Premio-BC-Factor.webp 1024w, https:\/\/www.legacoopestense.coop\/bellacoopia\/wp-content\/uploads\/2024\/12\/Premio-BC-Factor-300x225.webp 300w, https:\/\/www.legacoopestense.coop\/bellacoopia\/wp-content\/uploads\/2024\/12\/Premio-BC-Factor-768x576.webp 768w\" sizes=\"(max-width: 1024px) 100vw, 1024px\" \/><\/figure>\n<\/div>\n\n\n\n<div class=\"wp-block-column is-layout-flow wp-block-column-is-layout-flow\">\n<p>In ultimo,&nbsp;<strong>il premio&nbsp;BC Factor:<\/strong>&nbsp;dopo oltre 60\u2019 di sfida sul palco, i giudici hanno premiato per la migliore presentazione scenica la&nbsp;<strong>4^ AET dell\u2019Istituto Fermo Corni, che grazie al&nbsp;<\/strong>progetto&nbsp;<strong>Solar-Boost&nbsp;si \u00e8 quindi aggiudicata due premi.<\/strong><\/p>\n<\/div>\n<\/div>\n\n\n\n<p>Una mattinata all\u2019insegna della partecipazione e della creativit\u00e0, con l\u2019immancabile conduzione de&nbsp;<strong>La Strana Coppia di Radio Bruno<\/strong>, anch\u2019essa&nbsp;<strong>media partner di Bellacoopia insieme a TRC, Resto del Carlino e Gazzetta di Modena<\/strong>.<\/p>\n\n\n\n<p><\/p>\n\n\n\n<p><strong>RASSEGNA STAMPA<\/strong><\/p>\n\n\n\n<p><strong><a href=\"https:\/\/www.legacoopestense.coop\/wp-content\/uploads\/2024\/05\/Gazzetta-22-5-2024.pdf\">Gazzetta di Modena 22-5-2024<\/a><\/strong><\/p>\n\n\n\n<p><strong><a href=\"https:\/\/www.legacoopestense.coop\/wp-content\/uploads\/2024\/05\/Il-Resto-del-Carlino-Modena-22-5-2024.pdf\">Il Resto del Carlino Modena 22-5-2024<\/a><\/strong><\/p>\n\n\n\n<p><strong><a href=\"https:\/\/www.legacoopestense.coop\/wp-content\/uploads\/2024\/05\/Nuova-Ferrara-22-5-2024.pdf\">La Nuova Ferrara 22-5-2024<\/a><\/strong><\/p>\n\n\n\n<p><strong><a href=\"https:\/\/www.legacoopestense.coop\/wp-content\/uploads\/2024\/05\/Il-Resto-del-Carlino-Ferrara-22-5-20244.pdf\">Il Resto del Carlino Ferrara 22-5-20244<\/a><\/strong><\/p>\n\n\n\n<p><strong><a href=\"https:\/\/www.modenatoday.it\/attualita\/concorso-bellacoopia-2024-pioggia-premi-istituti-superiori-da-vinci-carpi-e-corni-modena.html\">ModenaToday<\/a><\/strong><\/p>\n\n\n\n<p><a href=\"https:\/\/www.estense.com\/2024\/1079768\/bellacoopia-2024-il-gran-finale-alla-tenda-di-modena\/\"><strong>Estense.com<\/strong><\/a><\/p>\n","protected":false},"excerpt":{"rendered":"<p>Alla finale del concorso per le scuole promosso da Legacoop Estense, fra le 5 start up finaliste trionfa l\u2019efficientamento energetico.<\/p>\n","protected":false},"author":1,"featured_media":0,"comment_status":"open","ping_status":"open","sticky":false,"template":"","format":"standard","meta":{"footnotes":""},"categories":[8],"tags":[],"class_list":["post-714","post","type-post","status-publish","format-standard","hentry","category-hall-of-fame"],"yoast_head":"<!-- This site is optimized with the Yoast SEO plugin v27.1.1 - https:\/\/yoast.com\/product\/yoast-seo-wordpress\/ -->\n<title>Edizione 2023 - Bellacoopia<\/title>\n<meta name=\"description\" content=\"Alla finale del concorso per le scuole promosso da Legacoop Estense, fra le 5 start up finaliste trionfa l\u2019efficientamento energetico.\" \/>\n<meta name=\"robots\" content=\"index, follow, max-snippet:-1, max-image-preview:large, max-video-preview:-1\" \/>\n<link rel=\"canonical\" href=\"https:\/\/www.legacoopestense.coop\/bellacoopia\/hall-of-fame\/edizione-2023\/\" \/>\n<meta property=\"og:locale\" content=\"it_IT\" \/>\n<meta property=\"og:type\" content=\"article\" \/>\n<meta property=\"og:title\" content=\"Edizione 2023 - Bellacoopia\" \/>\n<meta property=\"og:description\" content=\"Alla finale del concorso per le scuole promosso da Legacoop Estense, fra le 5 start up finaliste trionfa l\u2019efficientamento energetico.\" \/>\n<meta property=\"og:url\" content=\"https:\/\/www.legacoopestense.coop\/bellacoopia\/hall-of-fame\/edizione-2023\/\" \/>\n<meta property=\"og:site_name\" content=\"Bellacoopia\" \/>\n<meta property=\"article:published_time\" content=\"2024-12-17T08:51:38+00:00\" \/>\n<meta property=\"article:modified_time\" content=\"2024-12-17T08:51:41+00:00\" \/>\n<meta property=\"og:image\" content=\"https:\/\/www.legacoopestense.coop\/bellacoopia\/wp-content\/uploads\/2024\/12\/edizione2023-1.jpg\" \/>\n\t<meta property=\"og:image:width\" content=\"1536\" \/>\n\t<meta property=\"og:image:height\" content=\"1024\" \/>\n\t<meta property=\"og:image:type\" content=\"image\/jpeg\" \/>\n<meta name=\"author\" content=\"admin\" \/>\n<meta name=\"twitter:card\" content=\"summary_large_image\" \/>\n<meta name=\"twitter:label1\" content=\"Scritto da\" \/>\n\t<meta name=\"twitter:data1\" content=\"admin\" \/>\n\t<meta name=\"twitter:label2\" content=\"Tempo di lettura stimato\" \/>\n\t<meta name=\"twitter:data2\" content=\"5 minuti\" \/>\n<script type=\"application\/ld+json\" class=\"yoast-schema-graph\">{\"@context\":\"https:\/\/schema.org\",\"@graph\":[{\"@type\":\"Article\",\"@id\":\"https:\/\/www.legacoopestense.coop\/bellacoopia\/hall-of-fame\/edizione-2023\/#article\",\"isPartOf\":{\"@id\":\"https:\/\/www.legacoopestense.coop\/bellacoopia\/hall-of-fame\/edizione-2023\/\"},\"author\":{\"name\":\"admin\",\"@id\":\"https:\/\/www.legacoopestense.coop\/bellacoopia\/#\/schema\/person\/d2390dfa18b326a31a31c2fee7aefbc0\"},\"headline\":\"Edizione 2023\",\"datePublished\":\"2024-12-17T08:51:38+00:00\",\"dateModified\":\"2024-12-17T08:51:41+00:00\",\"mainEntityOfPage\":{\"@id\":\"https:\/\/www.legacoopestense.coop\/bellacoopia\/hall-of-fame\/edizione-2023\/\"},\"wordCount\":748,\"commentCount\":0,\"publisher\":{\"@id\":\"https:\/\/www.legacoopestense.coop\/bellacoopia\/#organization\"},\"image\":{\"@id\":\"https:\/\/www.legacoopestense.coop\/bellacoopia\/hall-of-fame\/edizione-2023\/#primaryimage\"},\"thumbnailUrl\":\"https:\/\/www.legacoopestense.coop\/bellacoopia\/wp-content\/uploads\/2024\/12\/edizione2023-1.jpg\",\"articleSection\":[\"Hall of fame\"],\"inLanguage\":\"it-IT\",\"potentialAction\":[{\"@type\":\"CommentAction\",\"name\":\"Comment\",\"target\":[\"https:\/\/www.legacoopestense.coop\/bellacoopia\/hall-of-fame\/edizione-2023\/#respond\"]}]},{\"@type\":\"WebPage\",\"@id\":\"https:\/\/www.legacoopestense.coop\/bellacoopia\/hall-of-fame\/edizione-2023\/\",\"url\":\"https:\/\/www.legacoopestense.coop\/bellacoopia\/hall-of-fame\/edizione-2023\/\",\"name\":\"Edizione 2023 - Bellacoopia\",\"isPartOf\":{\"@id\":\"https:\/\/www.legacoopestense.coop\/bellacoopia\/#website\"},\"primaryImageOfPage\":{\"@id\":\"https:\/\/www.legacoopestense.coop\/bellacoopia\/hall-of-fame\/edizione-2023\/#primaryimage\"},\"image\":{\"@id\":\"https:\/\/www.legacoopestense.coop\/bellacoopia\/hall-of-fame\/edizione-2023\/#primaryimage\"},\"thumbnailUrl\":\"https:\/\/www.legacoopestense.coop\/bellacoopia\/wp-content\/uploads\/2024\/12\/edizione2023-1.jpg\",\"datePublished\":\"2024-12-17T08:51:38+00:00\",\"dateModified\":\"2024-12-17T08:51:41+00:00\",\"description\":\"Alla finale del concorso per le scuole promosso da Legacoop Estense, fra le 5 start up finaliste trionfa l\u2019efficientamento energetico.\",\"breadcrumb\":{\"@id\":\"https:\/\/www.legacoopestense.coop\/bellacoopia\/hall-of-fame\/edizione-2023\/#breadcrumb\"},\"inLanguage\":\"it-IT\",\"potentialAction\":[{\"@type\":\"ReadAction\",\"target\":[\"https:\/\/www.legacoopestense.coop\/bellacoopia\/hall-of-fame\/edizione-2023\/\"]}]},{\"@type\":\"ImageObject\",\"inLanguage\":\"it-IT\",\"@id\":\"https:\/\/www.legacoopestense.coop\/bellacoopia\/hall-of-fame\/edizione-2023\/#primaryimage\",\"url\":\"https:\/\/www.legacoopestense.coop\/bellacoopia\/wp-content\/uploads\/2024\/12\/edizione2023-1.jpg\",\"contentUrl\":\"https:\/\/www.legacoopestense.coop\/bellacoopia\/wp-content\/uploads\/2024\/12\/edizione2023-1.jpg\",\"width\":1536,\"height\":1024},{\"@type\":\"BreadcrumbList\",\"@id\":\"https:\/\/www.legacoopestense.coop\/bellacoopia\/hall-of-fame\/edizione-2023\/#breadcrumb\",\"itemListElement\":[{\"@type\":\"ListItem\",\"position\":1,\"name\":\"Home\",\"item\":\"https:\/\/www.legacoopestense.coop\/bellacoopia\/\"},{\"@type\":\"ListItem\",\"position\":2,\"name\":\"Edizione 2023\"}]},{\"@type\":\"WebSite\",\"@id\":\"https:\/\/www.legacoopestense.coop\/bellacoopia\/#website\",\"url\":\"https:\/\/www.legacoopestense.coop\/bellacoopia\/\",\"name\":\"Bellacoopia\",\"description\":\"Premio Liana Stradi\",\"publisher\":{\"@id\":\"https:\/\/www.legacoopestense.coop\/bellacoopia\/#organization\"},\"potentialAction\":[{\"@type\":\"SearchAction\",\"target\":{\"@type\":\"EntryPoint\",\"urlTemplate\":\"https:\/\/www.legacoopestense.coop\/bellacoopia\/?s={search_term_string}\"},\"query-input\":{\"@type\":\"PropertyValueSpecification\",\"valueRequired\":true,\"valueName\":\"search_term_string\"}}],\"inLanguage\":\"it-IT\"},{\"@type\":\"Organization\",\"@id\":\"https:\/\/www.legacoopestense.coop\/bellacoopia\/#organization\",\"name\":\"Bellacoopia\",\"url\":\"https:\/\/www.legacoopestense.coop\/bellacoopia\/\",\"logo\":{\"@type\":\"ImageObject\",\"inLanguage\":\"it-IT\",\"@id\":\"https:\/\/www.legacoopestense.coop\/bellacoopia\/#\/schema\/logo\/image\/\",\"url\":\"https:\/\/www.legacoopestense.coop\/bellacoopia\/wp-content\/uploads\/2024\/12\/cropped-Logo-BC-con-apina.webp\",\"contentUrl\":\"https:\/\/www.legacoopestense.coop\/bellacoopia\/wp-content\/uploads\/2024\/12\/cropped-Logo-BC-con-apina.webp\",\"width\":904,\"height\":355,\"caption\":\"Bellacoopia \"},\"image\":{\"@id\":\"https:\/\/www.legacoopestense.coop\/bellacoopia\/#\/schema\/logo\/image\/\"}},{\"@type\":\"Person\",\"@id\":\"https:\/\/www.legacoopestense.coop\/bellacoopia\/#\/schema\/person\/d2390dfa18b326a31a31c2fee7aefbc0\",\"name\":\"admin\",\"image\":{\"@type\":\"ImageObject\",\"inLanguage\":\"it-IT\",\"@id\":\"https:\/\/www.legacoopestense.coop\/bellacoopia\/#\/schema\/person\/image\/\",\"url\":\"https:\/\/secure.gravatar.com\/avatar\/4b84265d8b9b933b80bdcc2f75342dbd8df2ca078d680e989e9e4e830a147dab?s=96&d=mm&r=g\",\"contentUrl\":\"https:\/\/secure.gravatar.com\/avatar\/4b84265d8b9b933b80bdcc2f75342dbd8df2ca078d680e989e9e4e830a147dab?s=96&d=mm&r=g\",\"caption\":\"admin\"},\"sameAs\":[\"https:\/\/www.legacoopestense.coop\/bellacoopia\"],\"url\":\"https:\/\/www.legacoopestense.coop\/bellacoopia\/author\/admin\/\"}]}<\/script>\n<!-- \/ Yoast SEO plugin. -->","yoast_head_json":{"title":"Edizione 2023 - Bellacoopia","description":"Alla finale del concorso per le scuole promosso da Legacoop Estense, fra le 5 start up finaliste trionfa l\u2019efficientamento energetico.","robots":{"index":"index","follow":"follow","max-snippet":"max-snippet:-1","max-image-preview":"max-image-preview:large","max-video-preview":"max-video-preview:-1"},"canonical":"https:\/\/www.legacoopestense.coop\/bellacoopia\/hall-of-fame\/edizione-2023\/","og_locale":"it_IT","og_type":"article","og_title":"Edizione 2023 - Bellacoopia","og_description":"Alla finale del concorso per le scuole promosso da Legacoop Estense, fra le 5 start up finaliste trionfa l\u2019efficientamento energetico.","og_url":"https:\/\/www.legacoopestense.coop\/bellacoopia\/hall-of-fame\/edizione-2023\/","og_site_name":"Bellacoopia","article_published_time":"2024-12-17T08:51:38+00:00","article_modified_time":"2024-12-17T08:51:41+00:00","og_image":[{"width":1536,"height":1024,"url":"https:\/\/www.legacoopestense.coop\/bellacoopia\/wp-content\/uploads\/2024\/12\/edizione2023-1.jpg","type":"image\/jpeg"}],"author":"admin","twitter_card":"summary_large_image","twitter_misc":{"Scritto da":"admin","Tempo di lettura stimato":"5 minuti"},"schema":{"@context":"https:\/\/schema.org","@graph":[{"@type":"Article","@id":"https:\/\/www.legacoopestense.coop\/bellacoopia\/hall-of-fame\/edizione-2023\/#article","isPartOf":{"@id":"https:\/\/www.legacoopestense.coop\/bellacoopia\/hall-of-fame\/edizione-2023\/"},"author":{"name":"admin","@id":"https:\/\/www.legacoopestense.coop\/bellacoopia\/#\/schema\/person\/d2390dfa18b326a31a31c2fee7aefbc0"},"headline":"Edizione 2023","datePublished":"2024-12-17T08:51:38+00:00","dateModified":"2024-12-17T08:51:41+00:00","mainEntityOfPage":{"@id":"https:\/\/www.legacoopestense.coop\/bellacoopia\/hall-of-fame\/edizione-2023\/"},"wordCount":748,"commentCount":0,"publisher":{"@id":"https:\/\/www.legacoopestense.coop\/bellacoopia\/#organization"},"image":{"@id":"https:\/\/www.legacoopestense.coop\/bellacoopia\/hall-of-fame\/edizione-2023\/#primaryimage"},"thumbnailUrl":"https:\/\/www.legacoopestense.coop\/bellacoopia\/wp-content\/uploads\/2024\/12\/edizione2023-1.jpg","articleSection":["Hall of fame"],"inLanguage":"it-IT","potentialAction":[{"@type":"CommentAction","name":"Comment","target":["https:\/\/www.legacoopestense.coop\/bellacoopia\/hall-of-fame\/edizione-2023\/#respond"]}]},{"@type":"WebPage","@id":"https:\/\/www.legacoopestense.coop\/bellacoopia\/hall-of-fame\/edizione-2023\/","url":"https:\/\/www.legacoopestense.coop\/bellacoopia\/hall-of-fame\/edizione-2023\/","name":"Edizione 2023 - Bellacoopia","isPartOf":{"@id":"https:\/\/www.legacoopestense.coop\/bellacoopia\/#website"},"primaryImageOfPage":{"@id":"https:\/\/www.legacoopestense.coop\/bellacoopia\/hall-of-fame\/edizione-2023\/#primaryimage"},"image":{"@id":"https:\/\/www.legacoopestense.coop\/bellacoopia\/hall-of-fame\/edizione-2023\/#primaryimage"},"thumbnailUrl":"https:\/\/www.legacoopestense.coop\/bellacoopia\/wp-content\/uploads\/2024\/12\/edizione2023-1.jpg","datePublished":"2024-12-17T08:51:38+00:00","dateModified":"2024-12-17T08:51:41+00:00","description":"Alla finale del concorso per le scuole promosso da Legacoop Estense, fra le 5 start up finaliste trionfa l\u2019efficientamento energetico.","breadcrumb":{"@id":"https:\/\/www.legacoopestense.coop\/bellacoopia\/hall-of-fame\/edizione-2023\/#breadcrumb"},"inLanguage":"it-IT","potentialAction":[{"@type":"ReadAction","target":["https:\/\/www.legacoopestense.coop\/bellacoopia\/hall-of-fame\/edizione-2023\/"]}]},{"@type":"ImageObject","inLanguage":"it-IT","@id":"https:\/\/www.legacoopestense.coop\/bellacoopia\/hall-of-fame\/edizione-2023\/#primaryimage","url":"https:\/\/www.legacoopestense.coop\/bellacoopia\/wp-content\/uploads\/2024\/12\/edizione2023-1.jpg","contentUrl":"https:\/\/www.legacoopestense.coop\/bellacoopia\/wp-content\/uploads\/2024\/12\/edizione2023-1.jpg","width":1536,"height":1024},{"@type":"BreadcrumbList","@id":"https:\/\/www.legacoopestense.coop\/bellacoopia\/hall-of-fame\/edizione-2023\/#breadcrumb","itemListElement":[{"@type":"ListItem","position":1,"name":"Home","item":"https:\/\/www.legacoopestense.coop\/bellacoopia\/"},{"@type":"ListItem","position":2,"name":"Edizione 2023"}]},{"@type":"WebSite","@id":"https:\/\/www.legacoopestense.coop\/bellacoopia\/#website","url":"https:\/\/www.legacoopestense.coop\/bellacoopia\/","name":"Bellacoopia","description":"Premio Liana Stradi","publisher":{"@id":"https:\/\/www.legacoopestense.coop\/bellacoopia\/#organization"},"potentialAction":[{"@type":"SearchAction","target":{"@type":"EntryPoint","urlTemplate":"https:\/\/www.legacoopestense.coop\/bellacoopia\/?s={search_term_string}"},"query-input":{"@type":"PropertyValueSpecification","valueRequired":true,"valueName":"search_term_string"}}],"inLanguage":"it-IT"},{"@type":"Organization","@id":"https:\/\/www.legacoopestense.coop\/bellacoopia\/#organization","name":"Bellacoopia","url":"https:\/\/www.legacoopestense.coop\/bellacoopia\/","logo":{"@type":"ImageObject","inLanguage":"it-IT","@id":"https:\/\/www.legacoopestense.coop\/bellacoopia\/#\/schema\/logo\/image\/","url":"https:\/\/www.legacoopestense.coop\/bellacoopia\/wp-content\/uploads\/2024\/12\/cropped-Logo-BC-con-apina.webp","contentUrl":"https:\/\/www.legacoopestense.coop\/bellacoopia\/wp-content\/uploads\/2024\/12\/cropped-Logo-BC-con-apina.webp","width":904,"height":355,"caption":"Bellacoopia "},"image":{"@id":"https:\/\/www.legacoopestense.coop\/bellacoopia\/#\/schema\/logo\/image\/"}},{"@type":"Person","@id":"https:\/\/www.legacoopestense.coop\/bellacoopia\/#\/schema\/person\/d2390dfa18b326a31a31c2fee7aefbc0","name":"admin","image":{"@type":"ImageObject","inLanguage":"it-IT","@id":"https:\/\/www.legacoopestense.coop\/bellacoopia\/#\/schema\/person\/image\/","url":"https:\/\/secure.gravatar.com\/avatar\/4b84265d8b9b933b80bdcc2f75342dbd8df2ca078d680e989e9e4e830a147dab?s=96&d=mm&r=g","contentUrl":"https:\/\/secure.gravatar.com\/avatar\/4b84265d8b9b933b80bdcc2f75342dbd8df2ca078d680e989e9e4e830a147dab?s=96&d=mm&r=g","caption":"admin"},"sameAs":["https:\/\/www.legacoopestense.coop\/bellacoopia"],"url":"https:\/\/www.legacoopestense.coop\/bellacoopia\/author\/admin\/"}]}},"_links":{"self":[{"href":"https:\/\/www.legacoopestense.coop\/bellacoopia\/wp-json\/wp\/v2\/posts\/714","targetHints":{"allow":["GET"]}}],"collection":[{"href":"https:\/\/www.legacoopestense.coop\/bellacoopia\/wp-json\/wp\/v2\/posts"}],"about":[{"href":"https:\/\/www.legacoopestense.coop\/bellacoopia\/wp-json\/wp\/v2\/types\/post"}],"author":[{"embeddable":true,"href":"https:\/\/www.legacoopestense.coop\/bellacoopia\/wp-json\/wp\/v2\/users\/1"}],"replies":[{"embeddable":true,"href":"https:\/\/www.legacoopestense.coop\/bellacoopia\/wp-json\/wp\/v2\/comments?post=714"}],"version-history":[{"count":1,"href":"https:\/\/www.legacoopestense.coop\/bellacoopia\/wp-json\/wp\/v2\/posts\/714\/revisions"}],"predecessor-version":[{"id":718,"href":"https:\/\/www.legacoopestense.coop\/bellacoopia\/wp-json\/wp\/v2\/posts\/714\/revisions\/718"}],"wp:attachment":[{"href":"https:\/\/www.legacoopestense.coop\/bellacoopia\/wp-json\/wp\/v2\/media?parent=714"}],"wp:term":[{"taxonomy":"category","embeddable":true,"href":"https:\/\/www.legacoopestense.coop\/bellacoopia\/wp-json\/wp\/v2\/categories?post=714"},{"taxonomy":"post_tag","embeddable":true,"href":"https:\/\/www.legacoopestense.coop\/bellacoopia\/wp-json\/wp\/v2\/tags?post=714"}],"curies":[{"name":"wp","href":"https:\/\/api.w.org\/{rel}","templated":true}]}}